{"id":1136,"date":"2022-05-29T17:38:35","date_gmt":"2022-05-29T20:38:35","guid":{"rendered":"http:\/\/omestregeleieiro.com.br\/?p=1136"},"modified":"2022-10-10T23:57:48","modified_gmt":"2022-10-11T02:57:48","slug":"safra-de-junho","status":"publish","type":"post","link":"https:\/\/omestregeleieiro.com.br\/?p=1136","title":{"rendered":"SAFRA de junho"},"content":{"rendered":"\n<p>CONHE\u00c7A AS FRUTAS DISPON\u00cdVEIS (EX\u00d3TICAS E NATIVAS) DO M\u00caS DE JUNHO, no BRASIL<\/p>\n\n\n\n<h6 class=\"wp-block-heading\">TEXTO POR JORGE GON\u00c7ALVES<\/h6>\n\n\n\n<p id=\"block-0e7d319e-4759-4d0c-bdde-4541f7c82de4\">Vamos descobrir o que de melhor a Natureza nos reserva para Junho? Uma lista com todas as safras da esta\u00e7\u00e3o (m\u00eas a m\u00eas) ficar\u00e1 dispon\u00edvel para que voc\u00ea as conhe\u00e7a e tamb\u00e9m possa introduzir e melhor aproveitar em sua rotina de alimenta\u00e7\u00e3o saud\u00e1vel, provando novas possibilidades e tamb\u00e9m sentir o maior pico de sabor, nutrindo seu corpo e alma com vida!<br>\u2800<br>Uma sugest\u00e3o \u00e9 que, tendo espa\u00e7o dispon\u00edvel, voc\u00ea possa plantar essas frutas diretamente no solo ou em vasos, criando uma conex\u00e3o \u00fanica com a Natureza e dessa forma curtir muito mais e tamb\u00e9m valorizar o que ela nos oferece. Se n\u00e3o tiver espa\u00e7o, opte por comprar em feiras ou com\u00e9rcios de confian\u00e7a em seu bairro ou procure servi\u00e7os de entrega que apoiem pequenos produtores e a agricultura familiar do nosso pa\u00eds.<\/p>\n\n\n\n<p id=\"block-44ca3f33-14d5-4c7d-8d4f-0f3273d21ed5\">Boas escolhas s\u00e3o importantes, por isso prefira alimentos org\u00e2nicos e da safra do m\u00eas. Assim voc\u00ea ir\u00e1 consumir alimentos da esta\u00e7\u00e3o, que s\u00e3o bem mais saborosos j\u00e1 que a natureza os produz sem a interven\u00e7\u00e3o tecnol\u00f3gica mais intensa, sem contar que s\u00e3o vendidos a pre\u00e7os melhores (j\u00e1 que a oferta \u00e9 maior) e ajudam na redu\u00e7\u00e3o do impacto ambiental, impulsionando a economia local e a redu\u00e7\u00e3o do desperd\u00edcio durante o seu transporte.<\/p>\n\n\n\n<p id=\"block-0873416e-2efb-438f-8334-3d93be17f4fd\">Caso n\u00e3o consiga encontrar as frutas que procura na safra, t\u00e3o frescas e saborosas, aproveite para prov\u00e1-las em forma de GELEIA, dessa forma voc\u00ea conseguir\u00e1 tanto sentir o sabor que tanto deseja quanto incentivar pequenos, m\u00e9dios, e por que n\u00e3o grande produtores a utilizar nossas frutas nativas, t\u00e3o especiais por\u00e9m pouco conhecidas.<\/p>\n\n\n\n<p id=\"block-8ce55d3c-111a-4d6f-b003-7ac25cf82281\">Teremos uma LISTA de frutas Ex\u00f3ticas e Nativas da Esta\u00e7\u00e3o, e junto a cada fruta, teremos algumas sugest\u00f5es de produtor de GELEIAS.<\/p>\n\n\n\n<p id=\"block-1289c0e1-7964-45ea-a3ce-77792fdf37b3\">LEMBRANDO QUE ESSA LISTA ESTAR\u00c1 EM CONSTANTE ATUALIZA\u00c7\u00c3O, POIS O INTUITO \u00c9 CADASTRAR O M\u00c1XIMO POSS\u00cdVEL DE FRUTAS NATIVAS (E TAMB\u00c9M GELEIAS), E ELAS SER\u00c3O INDICADAS AQUI AO PASSO QUE FOR DESCOBRINDO OU POR INDICA\u00c7\u00d5ES DE PROFISSIONAIS E ENTUSIASTAS.<br>\u2800<br>A rela\u00e7\u00e3o a seguir tem como refer\u00eancia os dados fornecidos pela CEAGESP (Companhia de Entrepostos e Armaz\u00e9ns Gerais de S\u00e3o Paulo) e tamb\u00e9m em literatura espec\u00edfica sobre as frutas ex\u00f3ticas.<\/p>\n\n\n\n<p id=\"block-29a13e0c-f063-450d-8828-3f059386df6f\"><strong>EX\u00d3TICAS &#8211; comerciais:<\/strong><\/p>\n\n\n\n<p id=\"block-a3bc8cfe-4040-446a-8392-b66c0c12493d\"><strong>ABACATE<\/strong><\/p>\n\n\n\n<figure class=\"wp-block-image size-full\"><img data-recalc-dims=\"1\" loading=\"lazy\" decoding=\"async\" width=\"799\" height=\"450\" src=\"https:\/\/i0.wp.com\/omestregeleieiro.com.br\/wp-content\/uploads\/2022\/05\/image.png?resize=799%2C450\" alt=\"\" class=\"wp-image-1137\" srcset=\"https:\/\/i0.wp.com\/omestregeleieiro.com.br\/wp-content\/uploads\/2022\/05\/image.png?w=799&amp;ssl=1 799w, https:\/\/i0.wp.com\/omestregeleieiro.com.br\/wp-content\/uploads\/2022\/05\/image.png?resize=300%2C169&amp;ssl=1 300w, https:\/\/i0.wp.com\/omestregeleieiro.com.br\/wp-content\/uploads\/2022\/05\/image.png?resize=768%2C433&amp;ssl=1 768w\" sizes=\"auto, (max-width: 799px) 100vw, 799px\" \/><figcaption>Foto: dinheirovivo.pt<\/figcaption><\/figure>\n\n\n\n<p><strong>ATEM\u00d3IA<\/strong><\/p>\n\n\n\n<figure class=\"wp-block-image size-full is-resized\"><img data-recalc-dims=\"1\" loading=\"lazy\" decoding=\"async\" src=\"https:\/\/i0.wp.com\/omestregeleieiro.com.br\/wp-content\/uploads\/2022\/05\/image-11.png?resize=729%2C547\" alt=\"\" class=\"wp-image-1160\" width=\"729\" height=\"547\" srcset=\"https:\/\/i0.wp.com\/omestregeleieiro.com.br\/wp-content\/uploads\/2022\/05\/image-11.png?w=600&amp;ssl=1 600w, https:\/\/i0.wp.com\/omestregeleieiro.com.br\/wp-content\/uploads\/2022\/05\/image-11.png?resize=300%2C225&amp;ssl=1 300w\" sizes=\"auto, (max-width: 729px) 100vw, 729px\" \/><figcaption>Foto: manahdaterra.com.br<\/figcaption><\/figure>\n\n\n\n<p><strong>CARAMBOLA<\/strong><\/p>\n\n\n\n<figure class=\"wp-block-image size-full\"><img data-recalc-dims=\"1\" loading=\"lazy\" decoding=\"async\" width=\"1000\" height=\"667\" src=\"https:\/\/i0.wp.com\/omestregeleieiro.com.br\/wp-content\/uploads\/2022\/05\/image-12.png?resize=1000%2C667\" alt=\"\" class=\"wp-image-1161\" srcset=\"https:\/\/i0.wp.com\/omestregeleieiro.com.br\/wp-content\/uploads\/2022\/05\/image-12.png?w=1000&amp;ssl=1 1000w, https:\/\/i0.wp.com\/omestregeleieiro.com.br\/wp-content\/uploads\/2022\/05\/image-12.png?resize=300%2C200&amp;ssl=1 300w, https:\/\/i0.wp.com\/omestregeleieiro.com.br\/wp-content\/uploads\/2022\/05\/image-12.png?resize=768%2C512&amp;ssl=1 768w, https:\/\/i0.wp.com\/omestregeleieiro.com.br\/wp-content\/uploads\/2022\/05\/image-12.png?resize=680%2C455&amp;ssl=1 680w, https:\/\/i0.wp.com\/omestregeleieiro.com.br\/wp-content\/uploads\/2022\/05\/image-12.png?resize=960%2C640&amp;ssl=1 960w\" sizes=\"auto, (max-width: 1000px) 100vw, 1000px\" \/><figcaption>Foto: chillshewa | Shutterstock.com<\/figcaption><\/figure>\n\n\n\n<p><strong>KIWI<\/strong><\/p>\n\n\n\n<figure class=\"wp-block-image size-full is-resized\"><img data-recalc-dims=\"1\" loading=\"lazy\" decoding=\"async\" src=\"https:\/\/i0.wp.com\/omestregeleieiro.com.br\/wp-content\/uploads\/2022\/05\/image-14.png?resize=731%2C488\" alt=\"\" class=\"wp-image-1164\" width=\"731\" height=\"488\" srcset=\"https:\/\/i0.wp.com\/omestregeleieiro.com.br\/wp-content\/uploads\/2022\/05\/image-14.png?w=636&amp;ssl=1 636w, https:\/\/i0.wp.com\/omestregeleieiro.com.br\/wp-content\/uploads\/2022\/05\/image-14.png?resize=300%2C200&amp;ssl=1 300w\" sizes=\"auto, (max-width: 731px) 100vw, 731px\" \/><figcaption>Foto: Google<\/figcaption><\/figure>\n\n\n\n<p><strong>LARANJA BAHIA<\/strong><\/p>\n\n\n\n<figure class=\"wp-block-image size-full\"><img data-recalc-dims=\"1\" loading=\"lazy\" decoding=\"async\" width=\"959\" height=\"633\" src=\"https:\/\/i0.wp.com\/omestregeleieiro.com.br\/wp-content\/uploads\/2022\/05\/image-15.png?resize=959%2C633\" alt=\"\" class=\"wp-image-1165\" srcset=\"https:\/\/i0.wp.com\/omestregeleieiro.com.br\/wp-content\/uploads\/2022\/05\/image-15.png?w=959&amp;ssl=1 959w, https:\/\/i0.wp.com\/omestregeleieiro.com.br\/wp-content\/uploads\/2022\/05\/image-15.png?resize=300%2C198&amp;ssl=1 300w, https:\/\/i0.wp.com\/omestregeleieiro.com.br\/wp-content\/uploads\/2022\/05\/image-15.png?resize=768%2C507&amp;ssl=1 768w\" sizes=\"auto, (max-width: 959px) 100vw, 959px\" \/><figcaption>foto: Google<\/figcaption><\/figure>\n\n\n\n<p><strong>LARANJA KINKAN<\/strong><\/p>\n\n\n\n<figure class=\"wp-block-image size-full is-resized\"><img data-recalc-dims=\"1\" loading=\"lazy\" decoding=\"async\" src=\"https:\/\/i0.wp.com\/omestregeleieiro.com.br\/wp-content\/uploads\/2022\/05\/image-18.png?resize=730%2C485\" alt=\"\" class=\"wp-image-1168\" width=\"730\" height=\"485\" srcset=\"https:\/\/i0.wp.com\/omestregeleieiro.com.br\/wp-content\/uploads\/2022\/05\/image-18.png?w=500&amp;ssl=1 500w, https:\/\/i0.wp.com\/omestregeleieiro.com.br\/wp-content\/uploads\/2022\/05\/image-18.png?resize=300%2C199&amp;ssl=1 300w\" sizes=\"auto, (max-width: 730px) 100vw, 730px\" \/><figcaption>foto: Google<\/figcaption><\/figure>\n\n\n\n<p><strong>MANGOST\u00c3O<\/strong><\/p>\n\n\n\n<figure class=\"wp-block-image size-full is-resized\"><img data-recalc-dims=\"1\" loading=\"lazy\" decoding=\"async\" src=\"https:\/\/i0.wp.com\/omestregeleieiro.com.br\/wp-content\/uploads\/2022\/05\/image-16.png?resize=729%2C410\" alt=\"\" class=\"wp-image-1166\" width=\"729\" height=\"410\" srcset=\"https:\/\/i0.wp.com\/omestregeleieiro.com.br\/wp-content\/uploads\/2022\/05\/image-16.png?w=500&amp;ssl=1 500w, https:\/\/i0.wp.com\/omestregeleieiro.com.br\/wp-content\/uploads\/2022\/05\/image-16.png?resize=300%2C169&amp;ssl=1 300w\" sizes=\"auto, (max-width: 729px) 100vw, 729px\" \/><\/figure>\n\n\n\n<p><strong>TANGERINA PONCAN<\/strong><\/p>\n\n\n\n<figure class=\"wp-block-image size-full\"><img data-recalc-dims=\"1\" loading=\"lazy\" decoding=\"async\" width=\"985\" height=\"515\" src=\"https:\/\/i0.wp.com\/omestregeleieiro.com.br\/wp-content\/uploads\/2022\/05\/image-17.png?resize=985%2C515\" alt=\"\" class=\"wp-image-1167\" srcset=\"https:\/\/i0.wp.com\/omestregeleieiro.com.br\/wp-content\/uploads\/2022\/05\/image-17.png?w=985&amp;ssl=1 985w, https:\/\/i0.wp.com\/omestregeleieiro.com.br\/wp-content\/uploads\/2022\/05\/image-17.png?resize=300%2C157&amp;ssl=1 300w, https:\/\/i0.wp.com\/omestregeleieiro.com.br\/wp-content\/uploads\/2022\/05\/image-17.png?resize=768%2C402&amp;ssl=1 768w\" sizes=\"auto, (max-width: 985px) 100vw, 985px\" \/><figcaption>Foto: laferretti.com.br<\/figcaption><\/figure>\n\n\n\n<p><\/p>\n\n\n\n<p><strong>NATIVAS DO BRASIL:<\/strong><\/p>\n\n\n\n<p><strong>CUPUA\u00c7U<\/strong><\/p>\n\n\n\n<figure class=\"wp-block-image size-full\"><img data-recalc-dims=\"1\" loading=\"lazy\" decoding=\"async\" width=\"700\" height=\"384\" src=\"https:\/\/i0.wp.com\/omestregeleieiro.com.br\/wp-content\/uploads\/2022\/05\/image-13.png?resize=700%2C384\" alt=\"\" class=\"wp-image-1162\" srcset=\"https:\/\/i0.wp.com\/omestregeleieiro.com.br\/wp-content\/uploads\/2022\/05\/image-13.png?w=700&amp;ssl=1 700w, https:\/\/i0.wp.com\/omestregeleieiro.com.br\/wp-content\/uploads\/2022\/05\/image-13.png?resize=300%2C165&amp;ssl=1 300w\" sizes=\"auto, (max-width: 700px) 100vw, 700px\" \/><figcaption>foto: coisasdaroca.com<\/figcaption><\/figure>\n\n\n\n<p><\/p>\n","protected":false},"excerpt":{"rendered":"<p>CONHE\u00c7A AS FRUTAS DISPON\u00cdVEIS (EX\u00d3TICAS E NATIVAS) DO M\u00caS DE JUNHO, no BRASIL TEXTO POR JORGE GON\u00c7ALVES Vamos descobrir o que de melhor a Natureza nos reserva para Junho? Uma lista com todas as safras da esta\u00e7\u00e3o (m\u00eas a m\u00eas) ficar\u00e1 dispon\u00edvel para que voc\u00ea as conhe\u00e7a e tamb\u00e9m possa introduzir e melhor aproveitar em&#8230; <\/p>\n<div class=\"link-more\"><a href=\"https:\/\/omestregeleieiro.com.br\/?p=1136\">Leia mais<\/a><\/div>\n","protected":false},"author":1,"featured_media":1171,"comment_status":"open","ping_status":"open","sticky":false,"template":"","format":"standard","meta":{"_jetpack_memberships_contains_paid_content":false,"footnotes":""},"categories":[9,4,32],"tags":[53,56,69,34,35,36,37,18,60,77,41,42,28],"class_list":{"0":"post-1136","1":"post","2":"type-post","3":"status-publish","4":"format-standard","5":"has-post-thumbnail","6":"hentry","7":"category-do-brasil","8":"category-do-mundo","9":"category-frutas","10":"tag-abacate","11":"tag-carambola","12":"tag-cupuacu","13":"tag-frutas","14":"tag-frutasbrasileiras","15":"tag-frutasnativas","16":"tag-gastronomia","17":"tag-geleia","18":"tag-laranja","19":"tag-mangostao","20":"tag-mestre","21":"tag-mestregeleieiro","22":"tag-zerotohero","24":"fallback-thumbnail"},"jetpack_featured_media_url":"https:\/\/i0.wp.com\/omestregeleieiro.com.br\/wp-content\/uploads\/2022\/05\/Slide1-rotated.jpg?fit=720%2C960&ssl=1","jetpack_sharing_enabled":true,"_links":{"self":[{"href":"https:\/\/omestregeleieiro.com.br\/index.php?rest_route=\/wp\/v2\/posts\/1136","targetHints":{"allow":["GET"]}}],"collection":[{"href":"https:\/\/omestregeleieiro.com.br\/index.php?rest_route=\/wp\/v2\/posts"}],"about":[{"href":"https:\/\/omestregeleieiro.com.br\/index.php?rest_route=\/wp\/v2\/types\/post"}],"author":[{"embeddable":true,"href":"https:\/\/omestregeleieiro.com.br\/index.php?rest_route=\/wp\/v2\/users\/1"}],"replies":[{"embeddable":true,"href":"https:\/\/omestregeleieiro.com.br\/index.php?rest_route=%2Fwp%2Fv2%2Fcomments&post=1136"}],"version-history":[{"count":8,"href":"https:\/\/omestregeleieiro.com.br\/index.php?rest_route=\/wp\/v2\/posts\/1136\/revisions"}],"predecessor-version":[{"id":1325,"href":"https:\/\/omestregeleieiro.com.br\/index.php?rest_route=\/wp\/v2\/posts\/1136\/revisions\/1325"}],"wp:featuredmedia":[{"embeddable":true,"href":"https:\/\/omestregeleieiro.com.br\/index.php?rest_route=\/wp\/v2\/media\/1171"}],"wp:attachment":[{"href":"https:\/\/omestregeleieiro.com.br\/index.php?rest_route=%2Fwp%2Fv2%2Fmedia&parent=1136"}],"wp:term":[{"taxonomy":"category","embeddable":true,"href":"https:\/\/omestregeleieiro.com.br\/index.php?rest_route=%2Fwp%2Fv2%2Fcategories&post=1136"},{"taxonomy":"post_tag","embeddable":true,"href":"https:\/\/omestregeleieiro.com.br\/index.php?rest_route=%2Fwp%2Fv2%2Ftags&post=1136"}],"curies":[{"name":"wp","href":"https:\/\/api.w.org\/{rel}","templated":true}]}}